{"id":533,"date":"2016-11-27T11:09:47","date_gmt":"2016-11-27T10:09:47","guid":{"rendered":"http:\/\/enginar.pl\/en\/news\/specjalisci-it-wracaja-do-polski\/"},"modified":"2016-11-27T11:09:47","modified_gmt":"2016-11-27T10:09:47","slug":"specjalisci-it-wracaja-do-polski","status":"publish","type":"post","link":"https:\/\/enginar.pl\/en\/news\/specjalisci-it-wracaja-do-polski\/","title":{"rendered":"Specjali\u015bci IT wracaj\u0105 do Polski"},"content":{"rendered":"<p>Polski rynek IT to aktualnie jeden z najbardziej dynamicznie rozwijaj\u0105cych si\u0119 sektor\u00f3w. Zar\u00f3wno za spraw\u0105 nowych inwestycji jak i coraz liczniejszych migracji kompetencji IT przez mi\u0119dzynarodowe korporacje do Polski. W og\u00f3lnym odczuciu wszyscy s\u0105 zadowoleni \u2013 zar\u00f3wno firmy jak i sami kandydaci bo stwarza im to wi\u0119ksze mo\u017cliwo\u015bci wyboru. Drug\u0105 stron\u0105 medalu jest fakt, i\u017c aktualnie wg statystyk brakuje ok. 70 000 r\u0105k do pracy w sektorze IT, a to potencjalnie jest szansa dla rodak\u00f3w, kt\u00f3rzy uciekli si\u0119 par\u0119 lat temu do emigracji zarobkowej.<\/p>\n<p><!--more--><\/p>\n<p>Czy korzystaj\u0105 z tej szansy? Ot\u00f3\u017c odpowied\u017a brzmi tak, ale z pewno\u015bci\u0105 nie mamy jeszcze do czynienia z fal\u0105 powrot\u00f3w. Jak podaj\u0105 badania rynku m.in przygotowanie przez Antal, motywacj\u0105 do ewentualnego powrotu s\u0105 najcz\u0119\u015bciej okoliczno\u015bci \u017cycia rodzinnego (41%). Na drugim miejscu kwestia konkurencyjnego wynagrodzenia (24%). Inny raport wskazuje r\u00f3wnie\u017c na: przywi\u0105zanie do kraju (26%).<\/p>\n<p>Jak wynika z rozm\u00f3w z kandydatami, du\u017ca cz\u0119\u015b\u0107\u0301 os\u00f3b za granic\u0105 to pracownicy kontraktowi, kt\u00f3rzy nigdy nie traktowali wyjazdu na sta\u0142e. Ci jednak, kt\u00f3rzy wyjechali wiele lat temu z ca\u0142ymi rodzinami, b\u0105d\u017a tam je za\u0142o\u017cyli nie rozwa\u017caj\u0105 szybkich decyzji w najbli\u017cszym czasie, ale podzielaj\u0105 powy\u017csze motywacje.<\/p>\n<p>Dobr\u0105 informacj\u0105 jest te\u017c fakt, i\u017c coraz mniej informatyk\u00f3w rozwa\u017ca mo\u017cliwo\u015b\u0107 wyjazdu do pracy za granic\u0119. W badaniu Antal, dotycz\u0105cym rynku IT w Polsce w 2015 roku, jedynie 21% respondent\u00f3w zdecydowa\u0142oby si\u0119 na taki krok. Grup\u0119 t\u0105 reprezentuj\u0105 szczeg\u00f3lnie osoby m\u0142ode, ciekawe nowych kultur, czy licz\u0105ce na lepsz\u0105 perspektyw\u0119 rozwoju.<\/p>\n<p>Polska z pewno\u015bci\u0105, nabiera w oczach kandydat\u00f3w IT silnego znaczenia przy wyborze miejsca pracy. To st\u0105d od kilku ju\u017c lat realizuje si\u0119 projekty, przedsi\u0119wzi\u0119cia IT por\u00f3wnywalne lub w wielu przypadkach takie same jak w Wielkiej Brytanii, Niemczech czy USA. Na prac\u0119 w Polsce decyduj\u0105 si\u0119 te\u017c kandydaci z Hiszpanii czy W\u0142och.<\/p>\n<p>Pracodawcy mocno stawiaj\u0105 na dbanie o ekspert\u00f3w IT, zar\u00f3wno oferuj\u0105c por\u00f3wnywalne wynagrodzenia, pomoc w znalezieniu nowego mieszkania lub dop\u0142aty zwi\u0105zane z przeprowadzk\u0105, jak i szereg benefit\u00f3w pozap\u0142acowych.<\/p>\n<p>Wszystko wskazuje jednak na to, \u017ce specjali\u015bci, kt\u00f3rzy kilka lat temu zdecydowali si\u0119 na wyjazd za granic\u0119 b\u0119d\u0105 brali pod uwag\u0119 powr\u00f3t do kraju. Maj\u0105 silne argumenty za a i sprzyja temu aktualna sytuacja na rynku pracy. Pracodawcy w Polsce po cichu licz\u0105, \u017ce nasi eksperci IT, kt\u00f3rzy zdobyli ju\u017c do\u015bwiadczenie w mi\u0119dzynarodowych firmach, posiadaj\u0105 dobr\u0105 wiedz\u0119 merytoryczn\u0105, znaj\u0105 j\u0119zyki obce zdecyduj\u0105 si\u0119 na powr\u00f3t i zasil\u0105 ich zespo\u0142y.<\/p>\n<p>&nbsp;<\/p>\n","protected":false},"excerpt":{"rendered":"<p>Polski rynek IT to aktualnie jeden z najbardziej dynamicznie rozwijaj\u0105cych si\u0119 sektor\u00f3w. Zar\u00f3wno za spraw\u0105 nowych inwestycji jak i coraz liczniejszych migracji kompetencji IT przez mi\u0119dzynarodowe korporacje do Polski. W og\u00f3lnym odczuciu wszyscy s\u0105 zadowoleni \u2013 zar\u00f3wno firmy jak i sami kandydaci bo stwarza im to wi\u0119ksze mo\u017cliwo\u015bci wyboru. Drug\u0105 stron\u0105 medalu jest fakt, i\u017c [&hellip;]<\/p>\n","protected":false},"author":2,"featured_media":0,"comment_status":"closed","ping_status":"closed","sticky":false,"template":"","format":"standard","meta":{"_acf_changed":false,"footnotes":""},"categories":[4],"tags":[],"class_list":["post-533","post","type-post","status-publish","format-standard","hentry","category-news"],"acf":[],"yoast_head":"<!-- This site is optimized with the Yoast SEO plugin v27.5 - https:\/\/yoast.com\/product\/yoast-seo-wordpress\/ -->\n<title>Specjali\u015bci IT wracaj\u0105 do Polski - Enginar<\/title>\n<meta name=\"robots\" content=\"index, follow, max-snippet:-1, max-image-preview:large, max-video-preview:-1\" \/>\n<link rel=\"canonical\" href=\"https:\/\/enginar.pl\/en\/news\/specjalisci-it-wracaja-do-polski\/\" \/>\n<meta property=\"og:locale\" content=\"en_US\" \/>\n<meta property=\"og:type\" content=\"article\" \/>\n<meta property=\"og:title\" content=\"Specjali\u015bci IT wracaj\u0105 do Polski - Enginar\" \/>\n<meta property=\"og:description\" content=\"Polski rynek IT to aktualnie jeden z najbardziej dynamicznie rozwijaj\u0105cych si\u0119 sektor\u00f3w. Zar\u00f3wno za spraw\u0105 nowych inwestycji jak i coraz liczniejszych migracji kompetencji IT przez mi\u0119dzynarodowe korporacje do Polski. W og\u00f3lnym odczuciu wszyscy s\u0105 zadowoleni \u2013 zar\u00f3wno firmy jak i sami kandydaci bo stwarza im to wi\u0119ksze mo\u017cliwo\u015bci wyboru. Drug\u0105 stron\u0105 medalu jest fakt, i\u017c [&hellip;]\" \/>\n<meta property=\"og:url\" content=\"https:\/\/enginar.pl\/en\/news\/specjalisci-it-wracaja-do-polski\/\" \/>\n<meta property=\"og:site_name\" content=\"Enginar\" \/>\n<meta property=\"article:publisher\" content=\"https:\/\/www.facebook.com\/enginarpl\/?ref=aymt_homepage_panel\" \/>\n<meta property=\"article:published_time\" content=\"2016-11-27T10:09:47+00:00\" \/>\n<meta name=\"author\" content=\"enginar\" \/>\n<meta name=\"twitter:label1\" content=\"Written by\" \/>\n\t<meta name=\"twitter:data1\" content=\"enginar\" \/>\n\t<meta name=\"twitter:label2\" content=\"Est. reading time\" \/>\n\t<meta name=\"twitter:data2\" content=\"2 minutes\" \/>\n<script type=\"application\/ld+json\" class=\"yoast-schema-graph\">{\"@context\":\"https:\\\/\\\/schema.org\",\"@graph\":[{\"@type\":\"Article\",\"@id\":\"https:\\\/\\\/enginar.pl\\\/en\\\/news\\\/specjalisci-it-wracaja-do-polski\\\/#article\",\"isPartOf\":{\"@id\":\"https:\\\/\\\/enginar.pl\\\/en\\\/news\\\/specjalisci-it-wracaja-do-polski\\\/\"},\"author\":{\"name\":\"enginar\",\"@id\":\"https:\\\/\\\/enginar.pl\\\/#\\\/schema\\\/person\\\/192a9300977922175e42c6b5d539755f\"},\"headline\":\"Specjali\u015bci IT wracaj\u0105 do Polski\",\"datePublished\":\"2016-11-27T10:09:47+00:00\",\"mainEntityOfPage\":{\"@id\":\"https:\\\/\\\/enginar.pl\\\/en\\\/news\\\/specjalisci-it-wracaja-do-polski\\\/\"},\"wordCount\":446,\"articleSection\":[\"News\"],\"inLanguage\":\"en-US\"},{\"@type\":\"WebPage\",\"@id\":\"https:\\\/\\\/enginar.pl\\\/en\\\/news\\\/specjalisci-it-wracaja-do-polski\\\/\",\"url\":\"https:\\\/\\\/enginar.pl\\\/en\\\/news\\\/specjalisci-it-wracaja-do-polski\\\/\",\"name\":\"Specjali\u015bci IT wracaj\u0105 do Polski - Enginar\",\"isPartOf\":{\"@id\":\"https:\\\/\\\/enginar.pl\\\/#website\"},\"datePublished\":\"2016-11-27T10:09:47+00:00\",\"author\":{\"@id\":\"https:\\\/\\\/enginar.pl\\\/#\\\/schema\\\/person\\\/192a9300977922175e42c6b5d539755f\"},\"breadcrumb\":{\"@id\":\"https:\\\/\\\/enginar.pl\\\/en\\\/news\\\/specjalisci-it-wracaja-do-polski\\\/#breadcrumb\"},\"inLanguage\":\"en-US\",\"potentialAction\":[{\"@type\":\"ReadAction\",\"target\":[\"https:\\\/\\\/enginar.pl\\\/en\\\/news\\\/specjalisci-it-wracaja-do-polski\\\/\"]}]},{\"@type\":\"BreadcrumbList\",\"@id\":\"https:\\\/\\\/enginar.pl\\\/en\\\/news\\\/specjalisci-it-wracaja-do-polski\\\/#breadcrumb\",\"itemListElement\":[{\"@type\":\"ListItem\",\"position\":1,\"name\":\"Strona g\u0142\u00f3wna\",\"item\":\"https:\\\/\\\/enginar.pl\\\/en\\\/\"},{\"@type\":\"ListItem\",\"position\":2,\"name\":\"Specjali\u015bci IT wracaj\u0105 do Polski\"}]},{\"@type\":\"WebSite\",\"@id\":\"https:\\\/\\\/enginar.pl\\\/#website\",\"url\":\"https:\\\/\\\/enginar.pl\\\/\",\"name\":\"Enginar\",\"description\":\"\",\"potentialAction\":[{\"@type\":\"SearchAction\",\"target\":{\"@type\":\"EntryPoint\",\"urlTemplate\":\"https:\\\/\\\/enginar.pl\\\/?s={search_term_string}\"},\"query-input\":{\"@type\":\"PropertyValueSpecification\",\"valueRequired\":true,\"valueName\":\"search_term_string\"}}],\"inLanguage\":\"en-US\"},{\"@type\":\"Person\",\"@id\":\"https:\\\/\\\/enginar.pl\\\/#\\\/schema\\\/person\\\/192a9300977922175e42c6b5d539755f\",\"name\":\"enginar\",\"image\":{\"@type\":\"ImageObject\",\"inLanguage\":\"en-US\",\"@id\":\"https:\\\/\\\/secure.gravatar.com\\\/avatar\\\/de1b641edd9c4710c9ed1957176952faec16f24f5950fecbac1a071f11d1c454?s=96&d=mm&r=g\",\"url\":\"https:\\\/\\\/secure.gravatar.com\\\/avatar\\\/de1b641edd9c4710c9ed1957176952faec16f24f5950fecbac1a071f11d1c454?s=96&d=mm&r=g\",\"contentUrl\":\"https:\\\/\\\/secure.gravatar.com\\\/avatar\\\/de1b641edd9c4710c9ed1957176952faec16f24f5950fecbac1a071f11d1c454?s=96&d=mm&r=g\",\"caption\":\"enginar\"},\"url\":\"https:\\\/\\\/enginar.pl\\\/en\\\/author\\\/enginar\\\/\"}]}<\/script>\n<!-- \/ Yoast SEO plugin. -->","yoast_head_json":{"title":"Specjali\u015bci IT wracaj\u0105 do Polski - Enginar","robots":{"index":"index","follow":"follow","max-snippet":"max-snippet:-1","max-image-preview":"max-image-preview:large","max-video-preview":"max-video-preview:-1"},"canonical":"https:\/\/enginar.pl\/en\/news\/specjalisci-it-wracaja-do-polski\/","og_locale":"en_US","og_type":"article","og_title":"Specjali\u015bci IT wracaj\u0105 do Polski - Enginar","og_description":"Polski rynek IT to aktualnie jeden z najbardziej dynamicznie rozwijaj\u0105cych si\u0119 sektor\u00f3w. Zar\u00f3wno za spraw\u0105 nowych inwestycji jak i coraz liczniejszych migracji kompetencji IT przez mi\u0119dzynarodowe korporacje do Polski. W og\u00f3lnym odczuciu wszyscy s\u0105 zadowoleni \u2013 zar\u00f3wno firmy jak i sami kandydaci bo stwarza im to wi\u0119ksze mo\u017cliwo\u015bci wyboru. Drug\u0105 stron\u0105 medalu jest fakt, i\u017c [&hellip;]","og_url":"https:\/\/enginar.pl\/en\/news\/specjalisci-it-wracaja-do-polski\/","og_site_name":"Enginar","article_publisher":"https:\/\/www.facebook.com\/enginarpl\/?ref=aymt_homepage_panel","article_published_time":"2016-11-27T10:09:47+00:00","author":"enginar","twitter_misc":{"Written by":"enginar","Est. reading time":"2 minutes"},"schema":{"@context":"https:\/\/schema.org","@graph":[{"@type":"Article","@id":"https:\/\/enginar.pl\/en\/news\/specjalisci-it-wracaja-do-polski\/#article","isPartOf":{"@id":"https:\/\/enginar.pl\/en\/news\/specjalisci-it-wracaja-do-polski\/"},"author":{"name":"enginar","@id":"https:\/\/enginar.pl\/#\/schema\/person\/192a9300977922175e42c6b5d539755f"},"headline":"Specjali\u015bci IT wracaj\u0105 do Polski","datePublished":"2016-11-27T10:09:47+00:00","mainEntityOfPage":{"@id":"https:\/\/enginar.pl\/en\/news\/specjalisci-it-wracaja-do-polski\/"},"wordCount":446,"articleSection":["News"],"inLanguage":"en-US"},{"@type":"WebPage","@id":"https:\/\/enginar.pl\/en\/news\/specjalisci-it-wracaja-do-polski\/","url":"https:\/\/enginar.pl\/en\/news\/specjalisci-it-wracaja-do-polski\/","name":"Specjali\u015bci IT wracaj\u0105 do Polski - Enginar","isPartOf":{"@id":"https:\/\/enginar.pl\/#website"},"datePublished":"2016-11-27T10:09:47+00:00","author":{"@id":"https:\/\/enginar.pl\/#\/schema\/person\/192a9300977922175e42c6b5d539755f"},"breadcrumb":{"@id":"https:\/\/enginar.pl\/en\/news\/specjalisci-it-wracaja-do-polski\/#breadcrumb"},"inLanguage":"en-US","potentialAction":[{"@type":"ReadAction","target":["https:\/\/enginar.pl\/en\/news\/specjalisci-it-wracaja-do-polski\/"]}]},{"@type":"BreadcrumbList","@id":"https:\/\/enginar.pl\/en\/news\/specjalisci-it-wracaja-do-polski\/#breadcrumb","itemListElement":[{"@type":"ListItem","position":1,"name":"Strona g\u0142\u00f3wna","item":"https:\/\/enginar.pl\/en\/"},{"@type":"ListItem","position":2,"name":"Specjali\u015bci IT wracaj\u0105 do Polski"}]},{"@type":"WebSite","@id":"https:\/\/enginar.pl\/#website","url":"https:\/\/enginar.pl\/","name":"Enginar","description":"","potentialAction":[{"@type":"SearchAction","target":{"@type":"EntryPoint","urlTemplate":"https:\/\/enginar.pl\/?s={search_term_string}"},"query-input":{"@type":"PropertyValueSpecification","valueRequired":true,"valueName":"search_term_string"}}],"inLanguage":"en-US"},{"@type":"Person","@id":"https:\/\/enginar.pl\/#\/schema\/person\/192a9300977922175e42c6b5d539755f","name":"enginar","image":{"@type":"ImageObject","inLanguage":"en-US","@id":"https:\/\/secure.gravatar.com\/avatar\/de1b641edd9c4710c9ed1957176952faec16f24f5950fecbac1a071f11d1c454?s=96&d=mm&r=g","url":"https:\/\/secure.gravatar.com\/avatar\/de1b641edd9c4710c9ed1957176952faec16f24f5950fecbac1a071f11d1c454?s=96&d=mm&r=g","contentUrl":"https:\/\/secure.gravatar.com\/avatar\/de1b641edd9c4710c9ed1957176952faec16f24f5950fecbac1a071f11d1c454?s=96&d=mm&r=g","caption":"enginar"},"url":"https:\/\/enginar.pl\/en\/author\/enginar\/"}]}},"_links":{"self":[{"href":"https:\/\/enginar.pl\/en\/wp-json\/wp\/v2\/posts\/533","targetHints":{"allow":["GET"]}}],"collection":[{"href":"https:\/\/enginar.pl\/en\/wp-json\/wp\/v2\/posts"}],"about":[{"href":"https:\/\/enginar.pl\/en\/wp-json\/wp\/v2\/types\/post"}],"author":[{"embeddable":true,"href":"https:\/\/enginar.pl\/en\/wp-json\/wp\/v2\/users\/2"}],"replies":[{"embeddable":true,"href":"https:\/\/enginar.pl\/en\/wp-json\/wp\/v2\/comments?post=533"}],"version-history":[{"count":0,"href":"https:\/\/enginar.pl\/en\/wp-json\/wp\/v2\/posts\/533\/revisions"}],"wp:attachment":[{"href":"https:\/\/enginar.pl\/en\/wp-json\/wp\/v2\/media?parent=533"}],"wp:term":[{"taxonomy":"category","embeddable":true,"href":"https:\/\/enginar.pl\/en\/wp-json\/wp\/v2\/categories?post=533"},{"taxonomy":"post_tag","embeddable":true,"href":"https:\/\/enginar.pl\/en\/wp-json\/wp\/v2\/tags?post=533"}],"curies":[{"name":"wp","href":"https:\/\/api.w.org\/{rel}","templated":true}]}}